{"id":2358,"date":"2020-03-19T12:25:28","date_gmt":"2020-03-19T12:25:28","guid":{"rendered":"http:\/\/gvcoftalmologia.com\/defensa-de-tesi-doctoral-diana-mora\/"},"modified":"2022-03-16T10:55:05","modified_gmt":"2022-03-16T10:55:05","slug":"defensa-de-tesi-doctoral-diana-mora","status":"publish","type":"post","link":"https:\/\/gvcoftalmologia.com\/ca\/defensa-de-tesi-doctoral-diana-mora\/","title":{"rendered":"DEFENSA DE TESI DOCTORAL DIANA MORA"},"content":{"rendered":"\n<style type=\"text\/css\" data-created_by=\"avia_inline_auto\" id=\"style-css-av-av_one_half-79ff81c021393065cee878051452f6a6\">\n.flex_column.av-av_one_half-79ff81c021393065cee878051452f6a6{\nborder-radius:0px 0px 0px 0px;\npadding:0px 0px 0px 0px;\n}\n<\/style>\n<div  class='flex_column av-av_one_half-79ff81c021393065cee878051452f6a6 av_one_half  avia-builder-el-0  el_before_av_one_half  avia-builder-el-first  first flex_column_div av-zero-column-padding  '     ><section  class='av_textblock_section av-k765029m-054658e79a200723bf3f8a06f29739c9 '   itemscope=\"itemscope\" itemtype=\"https:\/\/schema.org\/BlogPosting\" itemprop=\"blogPost\" ><div class='avia_textblock'  itemprop=\"text\" ><h2 style=\"text-align: center;\">DEFENSA DE TESIS DOCTORAL DIANA MORA<\/h2>\n<\/div><\/section><br \/>\n\n<style type=\"text\/css\" data-created_by=\"avia_inline_auto\" id=\"style-css-av-k7656blc-6e1f1e811c4902f8f6a44ca63dde89cc\">\n#top .hr.av-k7656blc-6e1f1e811c4902f8f6a44ca63dde89cc{\nmargin-top:-10px;\nmargin-bottom:20px;\n}\n.hr.av-k7656blc-6e1f1e811c4902f8f6a44ca63dde89cc .hr-inner{\nwidth:50px;\nborder-color:#000000;\n}\n<\/style>\n<div  class='hr av-k7656blc-6e1f1e811c4902f8f6a44ca63dde89cc hr-custom  avia-builder-el-2  el_after_av_textblock  el_before_av_textblock  hr-center hr-icon-no'><span class='hr-inner inner-border-av-border-thin'><span class=\"hr-inner-style\"><\/span><\/span><\/div><br \/>\n<section  class='av_textblock_section av-k7655tz4-258088500aac906f0c84b68b0a6d7d68 '   itemscope=\"itemscope\" itemtype=\"https:\/\/schema.org\/BlogPosting\" itemprop=\"blogPost\" ><div class='avia_textblock'  itemprop=\"text\" ><p>Este mes de Febrero la Asociaci\u00f3n Catalana de Optometr\u00eda y Terapia Visual (ACOTV) han impartido un curso formativo en centro m\u00e9dico Creu Groga contando como ponentes con dos de nuestras oftalm\u00f3logas pedi\u00e1tricas la Dra. \u00c1lvarez y la Dra. Ayet.<\/p>\n<p>La formaci\u00f3n estaba centrada en la exploraci\u00f3n b\u00e1sica oftalmol\u00f3gica en el ni\u00f1o y los principales signos de alarma en donde tambi\u00e9n se abordaron temas de actualidad como la terapia visual.<\/p>\n<p>Gracias a todos los asistentes por conseguir que dicha actividad fuera un \u00e9xito.<\/p>\n<\/div><\/section><\/p><\/div>\n<style type=\"text\/css\" data-created_by=\"avia_inline_auto\" id=\"style-css-av-av_one_half-49f6e875884219cf77c24341e550af53\">\n.flex_column.av-av_one_half-49f6e875884219cf77c24341e550af53{\nborder-radius:0px 0px 0px 0px;\npadding:0px 0px 0px 0px;\n}\n<\/style>\n<div  class='flex_column av-av_one_half-49f6e875884219cf77c24341e550af53 av_one_half  avia-builder-el-4  el_after_av_one_half  avia-builder-el-last  flex_column_div av-zero-column-padding  '     ><style type=\"text\/css\" data-created_by=\"avia_inline_auto\" id=\"style-css-av-k7653bhg-7dede68e27628bc768d2f74c04a13415\">\n.avia-image-container.av-k7653bhg-7dede68e27628bc768d2f74c04a13415 img.avia_image{\nbox-shadow:none;\n}\n.avia-image-container.av-k7653bhg-7dede68e27628bc768d2f74c04a13415 .av-image-caption-overlay-center{\ncolor:#ffffff;\n}\n<\/style>\n<div  class='avia-image-container av-k7653bhg-7dede68e27628bc768d2f74c04a13415 av-styling- avia-align-center  avia-builder-el-5  avia-builder-el-no-sibling '   itemprop=\"image\" itemscope=\"itemscope\" itemtype=\"https:\/\/schema.org\/ImageObject\" ><div class=\"avia-image-container-inner\"><div class=\"avia-image-overlay-wrap\"><img decoding=\"async\" fetchpriority=\"high\" class='wp-image-1824 avia-img-lazy-loading-not-1824 avia_image ' src=\"https:\/\/gvcoftalmologia.com\/wp-content\/uploads\/2020\/02\/FotoNoticia-1.jpg\" alt='' title='FotoNoticia-1'  height=\"500\" width=\"600\"  itemprop=\"thumbnailUrl\" srcset=\"https:\/\/gvcoftalmologia.com\/wp-content\/uploads\/2020\/02\/FotoNoticia-1.jpg 600w, https:\/\/gvcoftalmologia.com\/wp-content\/uploads\/2020\/02\/FotoNoticia-1-300x250.jpg 300w\" sizes=\"(max-width: 600px) 100vw, 600px\" \/><\/div><\/div><\/div><\/div><\/p>\n","protected":false},"excerpt":{"rendered":"","protected":false},"author":2,"featured_media":1824,"comment_status":"closed","ping_status":"closed","sticky":false,"template":"","format":"standard","meta":{"footnotes":""},"categories":[2],"tags":[],"class_list":["post-2358","post","type-post","status-publish","format-standard","has-post-thumbnail","hentry","category-sense-categoria"],"yoast_head":"<!-- This site is optimized with the Yoast SEO plugin v27.4 - https:\/\/yoast.com\/product\/yoast-seo-wordpress\/ -->\n<title>DEFENSA DE TESI DOCTORAL DIANA MORA - gvcoftalmologia.com<\/title>\n<meta name=\"robots\" content=\"index, follow, max-snippet:-1, max-image-preview:large, max-video-preview:-1\" \/>\n<link rel=\"canonical\" href=\"https:\/\/gvcoftalmologia.com\/ca\/defensa-de-tesi-doctoral-diana-mora\/\" \/>\n<meta property=\"og:locale\" content=\"ca_ES\" \/>\n<meta property=\"og:type\" content=\"article\" \/>\n<meta property=\"og:title\" content=\"DEFENSA DE TESI DOCTORAL DIANA MORA - gvcoftalmologia.com\" \/>\n<meta property=\"og:url\" content=\"https:\/\/gvcoftalmologia.com\/ca\/defensa-de-tesi-doctoral-diana-mora\/\" \/>\n<meta property=\"og:site_name\" content=\"gvcoftalmologia.com\" \/>\n<meta property=\"article:published_time\" content=\"2020-03-19T12:25:28+00:00\" \/>\n<meta property=\"article:modified_time\" content=\"2022-03-16T10:55:05+00:00\" \/>\n<meta property=\"og:image\" content=\"https:\/\/gvcoftalmologia.com\/wp-content\/uploads\/2020\/02\/FotoNoticia-1.jpg\" \/>\n\t<meta property=\"og:image:width\" content=\"600\" \/>\n\t<meta property=\"og:image:height\" content=\"500\" \/>\n\t<meta property=\"og:image:type\" content=\"image\/jpeg\" \/>\n<meta name=\"author\" content=\"H2O\" \/>\n<meta name=\"twitter:card\" content=\"summary_large_image\" \/>\n<meta name=\"twitter:label1\" content=\"Escrit per\" \/>\n\t<meta name=\"twitter:data1\" content=\"H2O\" \/>\n\t<meta name=\"twitter:label2\" content=\"Temps estimat de lectura\" \/>\n\t<meta name=\"twitter:data2\" content=\"3 minuts\" \/>\n<script type=\"application\/ld+json\" class=\"yoast-schema-graph\">{\"@context\":\"https:\\\/\\\/schema.org\",\"@graph\":[{\"@type\":\"Article\",\"@id\":\"https:\\\/\\\/gvcoftalmologia.com\\\/ca\\\/defensa-de-tesi-doctoral-diana-mora\\\/#article\",\"isPartOf\":{\"@id\":\"https:\\\/\\\/gvcoftalmologia.com\\\/ca\\\/defensa-de-tesi-doctoral-diana-mora\\\/\"},\"author\":{\"name\":\"H2O\",\"@id\":\"https:\\\/\\\/gvcoftalmologia.com\\\/ca\\\/#\\\/schema\\\/person\\\/42663d7de1276d3aa5167f4d821fa7b6\"},\"headline\":\"DEFENSA DE TESI DOCTORAL DIANA MORA\",\"datePublished\":\"2020-03-19T12:25:28+00:00\",\"dateModified\":\"2022-03-16T10:55:05+00:00\",\"mainEntityOfPage\":{\"@id\":\"https:\\\/\\\/gvcoftalmologia.com\\\/ca\\\/defensa-de-tesi-doctoral-diana-mora\\\/\"},\"wordCount\":415,\"image\":{\"@id\":\"https:\\\/\\\/gvcoftalmologia.com\\\/ca\\\/defensa-de-tesi-doctoral-diana-mora\\\/#primaryimage\"},\"thumbnailUrl\":\"https:\\\/\\\/gvcoftalmologia.com\\\/wp-content\\\/uploads\\\/2020\\\/02\\\/FotoNoticia-1.jpg\",\"inLanguage\":\"ca\"},{\"@type\":\"WebPage\",\"@id\":\"https:\\\/\\\/gvcoftalmologia.com\\\/ca\\\/defensa-de-tesi-doctoral-diana-mora\\\/\",\"url\":\"https:\\\/\\\/gvcoftalmologia.com\\\/ca\\\/defensa-de-tesi-doctoral-diana-mora\\\/\",\"name\":\"DEFENSA DE TESI DOCTORAL DIANA MORA - gvcoftalmologia.com\",\"isPartOf\":{\"@id\":\"https:\\\/\\\/gvcoftalmologia.com\\\/ca\\\/#website\"},\"primaryImageOfPage\":{\"@id\":\"https:\\\/\\\/gvcoftalmologia.com\\\/ca\\\/defensa-de-tesi-doctoral-diana-mora\\\/#primaryimage\"},\"image\":{\"@id\":\"https:\\\/\\\/gvcoftalmologia.com\\\/ca\\\/defensa-de-tesi-doctoral-diana-mora\\\/#primaryimage\"},\"thumbnailUrl\":\"https:\\\/\\\/gvcoftalmologia.com\\\/wp-content\\\/uploads\\\/2020\\\/02\\\/FotoNoticia-1.jpg\",\"datePublished\":\"2020-03-19T12:25:28+00:00\",\"dateModified\":\"2022-03-16T10:55:05+00:00\",\"author\":{\"@id\":\"https:\\\/\\\/gvcoftalmologia.com\\\/ca\\\/#\\\/schema\\\/person\\\/42663d7de1276d3aa5167f4d821fa7b6\"},\"breadcrumb\":{\"@id\":\"https:\\\/\\\/gvcoftalmologia.com\\\/ca\\\/defensa-de-tesi-doctoral-diana-mora\\\/#breadcrumb\"},\"inLanguage\":\"ca\",\"potentialAction\":[{\"@type\":\"ReadAction\",\"target\":[\"https:\\\/\\\/gvcoftalmologia.com\\\/ca\\\/defensa-de-tesi-doctoral-diana-mora\\\/\"]}]},{\"@type\":\"ImageObject\",\"inLanguage\":\"ca\",\"@id\":\"https:\\\/\\\/gvcoftalmologia.com\\\/ca\\\/defensa-de-tesi-doctoral-diana-mora\\\/#primaryimage\",\"url\":\"https:\\\/\\\/gvcoftalmologia.com\\\/wp-content\\\/uploads\\\/2020\\\/02\\\/FotoNoticia-1.jpg\",\"contentUrl\":\"https:\\\/\\\/gvcoftalmologia.com\\\/wp-content\\\/uploads\\\/2020\\\/02\\\/FotoNoticia-1.jpg\",\"width\":600,\"height\":500},{\"@type\":\"BreadcrumbList\",\"@id\":\"https:\\\/\\\/gvcoftalmologia.com\\\/ca\\\/defensa-de-tesi-doctoral-diana-mora\\\/#breadcrumb\",\"itemListElement\":[{\"@type\":\"ListItem\",\"position\":1,\"name\":\"Portada\",\"item\":\"https:\\\/\\\/gvcoftalmologia.com\\\/ca\\\/home\\\/\"},{\"@type\":\"ListItem\",\"position\":2,\"name\":\"DEFENSA DE TESI DOCTORAL DIANA MORA\"}]},{\"@type\":\"WebSite\",\"@id\":\"https:\\\/\\\/gvcoftalmologia.com\\\/ca\\\/#website\",\"url\":\"https:\\\/\\\/gvcoftalmologia.com\\\/ca\\\/\",\"name\":\"gvcoftalmologia.com\",\"description\":\"Just another WordPress site\",\"potentialAction\":[{\"@type\":\"SearchAction\",\"target\":{\"@type\":\"EntryPoint\",\"urlTemplate\":\"https:\\\/\\\/gvcoftalmologia.com\\\/ca\\\/?s={search_term_string}\"},\"query-input\":{\"@type\":\"PropertyValueSpecification\",\"valueRequired\":true,\"valueName\":\"search_term_string\"}}],\"inLanguage\":\"ca\"},{\"@type\":\"Person\",\"@id\":\"https:\\\/\\\/gvcoftalmologia.com\\\/ca\\\/#\\\/schema\\\/person\\\/42663d7de1276d3aa5167f4d821fa7b6\",\"name\":\"H2O\",\"image\":{\"@type\":\"ImageObject\",\"inLanguage\":\"ca\",\"@id\":\"https:\\\/\\\/secure.gravatar.com\\\/avatar\\\/cbc6b888d060aae2ec9027062f7b645c42cd755cf93f1ea236674d6411589021?s=96&d=mm&r=g\",\"url\":\"https:\\\/\\\/secure.gravatar.com\\\/avatar\\\/cbc6b888d060aae2ec9027062f7b645c42cd755cf93f1ea236674d6411589021?s=96&d=mm&r=g\",\"contentUrl\":\"https:\\\/\\\/secure.gravatar.com\\\/avatar\\\/cbc6b888d060aae2ec9027062f7b645c42cd755cf93f1ea236674d6411589021?s=96&d=mm&r=g\",\"caption\":\"H2O\"},\"url\":\"https:\\\/\\\/gvcoftalmologia.com\\\/ca\\\/author\\\/h2o\\\/\"}]}<\/script>\n<!-- \/ Yoast SEO plugin. -->","yoast_head_json":{"title":"DEFENSA DE TESI DOCTORAL DIANA MORA - gvcoftalmologia.com","robots":{"index":"index","follow":"follow","max-snippet":"max-snippet:-1","max-image-preview":"max-image-preview:large","max-video-preview":"max-video-preview:-1"},"canonical":"https:\/\/gvcoftalmologia.com\/ca\/defensa-de-tesi-doctoral-diana-mora\/","og_locale":"ca_ES","og_type":"article","og_title":"DEFENSA DE TESI DOCTORAL DIANA MORA - gvcoftalmologia.com","og_url":"https:\/\/gvcoftalmologia.com\/ca\/defensa-de-tesi-doctoral-diana-mora\/","og_site_name":"gvcoftalmologia.com","article_published_time":"2020-03-19T12:25:28+00:00","article_modified_time":"2022-03-16T10:55:05+00:00","og_image":[{"width":600,"height":500,"url":"https:\/\/gvcoftalmologia.com\/wp-content\/uploads\/2020\/02\/FotoNoticia-1.jpg","type":"image\/jpeg"}],"author":"H2O","twitter_card":"summary_large_image","twitter_misc":{"Escrit per":"H2O","Temps estimat de lectura":"3 minuts"},"schema":{"@context":"https:\/\/schema.org","@graph":[{"@type":"Article","@id":"https:\/\/gvcoftalmologia.com\/ca\/defensa-de-tesi-doctoral-diana-mora\/#article","isPartOf":{"@id":"https:\/\/gvcoftalmologia.com\/ca\/defensa-de-tesi-doctoral-diana-mora\/"},"author":{"name":"H2O","@id":"https:\/\/gvcoftalmologia.com\/ca\/#\/schema\/person\/42663d7de1276d3aa5167f4d821fa7b6"},"headline":"DEFENSA DE TESI DOCTORAL DIANA MORA","datePublished":"2020-03-19T12:25:28+00:00","dateModified":"2022-03-16T10:55:05+00:00","mainEntityOfPage":{"@id":"https:\/\/gvcoftalmologia.com\/ca\/defensa-de-tesi-doctoral-diana-mora\/"},"wordCount":415,"image":{"@id":"https:\/\/gvcoftalmologia.com\/ca\/defensa-de-tesi-doctoral-diana-mora\/#primaryimage"},"thumbnailUrl":"https:\/\/gvcoftalmologia.com\/wp-content\/uploads\/2020\/02\/FotoNoticia-1.jpg","inLanguage":"ca"},{"@type":"WebPage","@id":"https:\/\/gvcoftalmologia.com\/ca\/defensa-de-tesi-doctoral-diana-mora\/","url":"https:\/\/gvcoftalmologia.com\/ca\/defensa-de-tesi-doctoral-diana-mora\/","name":"DEFENSA DE TESI DOCTORAL DIANA MORA - gvcoftalmologia.com","isPartOf":{"@id":"https:\/\/gvcoftalmologia.com\/ca\/#website"},"primaryImageOfPage":{"@id":"https:\/\/gvcoftalmologia.com\/ca\/defensa-de-tesi-doctoral-diana-mora\/#primaryimage"},"image":{"@id":"https:\/\/gvcoftalmologia.com\/ca\/defensa-de-tesi-doctoral-diana-mora\/#primaryimage"},"thumbnailUrl":"https:\/\/gvcoftalmologia.com\/wp-content\/uploads\/2020\/02\/FotoNoticia-1.jpg","datePublished":"2020-03-19T12:25:28+00:00","dateModified":"2022-03-16T10:55:05+00:00","author":{"@id":"https:\/\/gvcoftalmologia.com\/ca\/#\/schema\/person\/42663d7de1276d3aa5167f4d821fa7b6"},"breadcrumb":{"@id":"https:\/\/gvcoftalmologia.com\/ca\/defensa-de-tesi-doctoral-diana-mora\/#breadcrumb"},"inLanguage":"ca","potentialAction":[{"@type":"ReadAction","target":["https:\/\/gvcoftalmologia.com\/ca\/defensa-de-tesi-doctoral-diana-mora\/"]}]},{"@type":"ImageObject","inLanguage":"ca","@id":"https:\/\/gvcoftalmologia.com\/ca\/defensa-de-tesi-doctoral-diana-mora\/#primaryimage","url":"https:\/\/gvcoftalmologia.com\/wp-content\/uploads\/2020\/02\/FotoNoticia-1.jpg","contentUrl":"https:\/\/gvcoftalmologia.com\/wp-content\/uploads\/2020\/02\/FotoNoticia-1.jpg","width":600,"height":500},{"@type":"BreadcrumbList","@id":"https:\/\/gvcoftalmologia.com\/ca\/defensa-de-tesi-doctoral-diana-mora\/#breadcrumb","itemListElement":[{"@type":"ListItem","position":1,"name":"Portada","item":"https:\/\/gvcoftalmologia.com\/ca\/home\/"},{"@type":"ListItem","position":2,"name":"DEFENSA DE TESI DOCTORAL DIANA MORA"}]},{"@type":"WebSite","@id":"https:\/\/gvcoftalmologia.com\/ca\/#website","url":"https:\/\/gvcoftalmologia.com\/ca\/","name":"gvcoftalmologia.com","description":"Just another WordPress site","potentialAction":[{"@type":"SearchAction","target":{"@type":"EntryPoint","urlTemplate":"https:\/\/gvcoftalmologia.com\/ca\/?s={search_term_string}"},"query-input":{"@type":"PropertyValueSpecification","valueRequired":true,"valueName":"search_term_string"}}],"inLanguage":"ca"},{"@type":"Person","@id":"https:\/\/gvcoftalmologia.com\/ca\/#\/schema\/person\/42663d7de1276d3aa5167f4d821fa7b6","name":"H2O","image":{"@type":"ImageObject","inLanguage":"ca","@id":"https:\/\/secure.gravatar.com\/avatar\/cbc6b888d060aae2ec9027062f7b645c42cd755cf93f1ea236674d6411589021?s=96&d=mm&r=g","url":"https:\/\/secure.gravatar.com\/avatar\/cbc6b888d060aae2ec9027062f7b645c42cd755cf93f1ea236674d6411589021?s=96&d=mm&r=g","contentUrl":"https:\/\/secure.gravatar.com\/avatar\/cbc6b888d060aae2ec9027062f7b645c42cd755cf93f1ea236674d6411589021?s=96&d=mm&r=g","caption":"H2O"},"url":"https:\/\/gvcoftalmologia.com\/ca\/author\/h2o\/"}]}},"_links":{"self":[{"href":"https:\/\/gvcoftalmologia.com\/ca\/wp-json\/wp\/v2\/posts\/2358","targetHints":{"allow":["GET"]}}],"collection":[{"href":"https:\/\/gvcoftalmologia.com\/ca\/wp-json\/wp\/v2\/posts"}],"about":[{"href":"https:\/\/gvcoftalmologia.com\/ca\/wp-json\/wp\/v2\/types\/post"}],"author":[{"embeddable":true,"href":"https:\/\/gvcoftalmologia.com\/ca\/wp-json\/wp\/v2\/users\/2"}],"replies":[{"embeddable":true,"href":"https:\/\/gvcoftalmologia.com\/ca\/wp-json\/wp\/v2\/comments?post=2358"}],"version-history":[{"count":2,"href":"https:\/\/gvcoftalmologia.com\/ca\/wp-json\/wp\/v2\/posts\/2358\/revisions"}],"predecessor-version":[{"id":3306,"href":"https:\/\/gvcoftalmologia.com\/ca\/wp-json\/wp\/v2\/posts\/2358\/revisions\/3306"}],"wp:featuredmedia":[{"embeddable":true,"href":"https:\/\/gvcoftalmologia.com\/ca\/wp-json\/wp\/v2\/media\/1824"}],"wp:attachment":[{"href":"https:\/\/gvcoftalmologia.com\/ca\/wp-json\/wp\/v2\/media?parent=2358"}],"wp:term":[{"taxonomy":"category","embeddable":true,"href":"https:\/\/gvcoftalmologia.com\/ca\/wp-json\/wp\/v2\/categories?post=2358"},{"taxonomy":"post_tag","embeddable":true,"href":"https:\/\/gvcoftalmologia.com\/ca\/wp-json\/wp\/v2\/tags?post=2358"}],"curies":[{"name":"wp","href":"https:\/\/api.w.org\/{rel}","templated":true}]}}